{"id":345594,"date":"2024-06-29T12:03:18","date_gmt":"2024-06-29T12:03:18","guid":{"rendered":"https:\/\/www.caladelporto.com\/non-categorizzato\/4-sterrenhotel-in-de-buurt-van-capo-vaticano\/"},"modified":"2025-09-12T14:37:16","modified_gmt":"2025-09-12T14:37:16","slug":"4-sterrenhotel-in-de-buurt-van-capo-vaticano","status":"publish","type":"post","link":"https:\/\/www.caladelporto.com\/nl\/vakantie-in-calabrie-vibo-tropea-pizzo\/4-sterrenhotel-in-de-buurt-van-capo-vaticano\/","title":{"rendered":"4-sterrenhotel in de buurt van Capo Vaticano"},"content":{"rendered":"<p>[et_pb_section fb_built=&#8221;1&#8243; _builder_version=&#8221;4.25.1&#8243; custom_padding=&#8221;120px||30px||false|false&#8221; locked=&#8221;off&#8221; global_colors_info=&#8221;{}&#8221;][et_pb_row _builder_version=&#8221;4.25.1&#8243; _module_preset=&#8221;default&#8221; width=&#8221;100%&#8221; max_width=&#8221;100%&#8221; custom_margin=&#8221;70px||||false|false&#8221; locked=&#8221;off&#8221; global_colors_info=&#8221;{}&#8221;][et_pb_column type=&#8221;4_4&#8243; _builder_version=&#8221;4.25.1&#8243; _module_preset=&#8221;default&#8221; global_colors_info=&#8221;{}&#8221;][et_pb_text _builder_version=&#8221;4.25.1&#8243; _dynamic_attributes=&#8221;link_option_url&#8221; text_font=&#8221;RDHD|800||on|||||&#8221; text_text_color=&#8221;gcid-af9142b2-c7bb-4025-b5bc-0a5772cc740b&#8221; text_font_size=&#8221;16px&#8221; text_line_height=&#8221;1.6em&#8221; width=&#8221;80%&#8221; width_tablet=&#8221;100%&#8221; width_phone=&#8221;100%&#8221; width_last_edited=&#8221;on|tablet&#8221; max_width=&#8221;80%&#8221; max_width_tablet=&#8221;100%&#8221; max_width_phone=&#8221;100%&#8221; max_width_last_edited=&#8221;on|tablet&#8221; module_alignment=&#8221;center&#8221; custom_margin=&#8221;||||false|false&#8221; custom_padding=&#8221;|||40px|false|false&#8221; link_option_url=&#8221;@ET-DC@eyJkeW5hbWljIjp0cnVlLCJjb250ZW50IjoicG9zdF9saW5rX3VybF9wYWdlIiwic2V0dGluZ3MiOnsicG9zdF9pZCI6IjM0MDg3MyJ9fQ==@&#8221; text_font_size_tablet=&#8221;14px&#8221; text_font_size_phone=&#8221;14px&#8221; text_font_size_last_edited=&#8221;on|phone&#8221; text_orientation_tablet=&#8221;center&#8221; text_orientation_phone=&#8221;center&#8221; text_orientation_last_edited=&#8221;off|desktop&#8221; locked=&#8221;off&#8221; global_colors_info=&#8221;{%22gcid-af9142b2-c7bb-4025-b5bc-0a5772cc740b%22:%91%22text_text_color%22%93}&#8221;]<\/p>\n<p><i class=\"fa-solid fa-arrow-left\"><\/i> Terug<\/p>\n<p>[\/et_pb_text][\/et_pb_column][\/et_pb_row][et_pb_row _builder_version=&#8221;4.16&#8243; global_colors_info=&#8221;{}&#8221;][et_pb_column type=&#8221;4_4&#8243; _builder_version=&#8221;4.16&#8243; global_colors_info=&#8221;{}&#8221;][et_pb_text _builder_version=&#8221;4.25.1&#8243; header_3_font=&#8221;MR xx||||||||&#8221; header_3_text_color=&#8221;#6d6964&#8243; header_3_font_size=&#8221;11vw&#8221; text_orientation=&#8221;center&#8221; animation_style=&#8221;fade&#8221; animation_duration=&#8221;950ms&#8221; header_3_font_size_tablet=&#8221;13vw&#8221; header_3_font_size_phone=&#8221;12vw&#8221; header_3_font_size_last_edited=&#8221;on|phone&#8221; animation_duration_tablet=&#8221;1300ms&#8221; animation_duration_phone=&#8221;1300ms&#8221; animation_duration_last_edited=&#8221;on|phone&#8221; global_colors_info=&#8221;{}&#8221;]<\/p>\n<h3>Vaticaanse leider<\/h3>\n<p>[\/et_pb_text][\/et_pb_column][\/et_pb_row][\/et_pb_section][et_pb_section fb_built=&#8221;1&#8243; _builder_version=&#8221;4.16&#8243; locked=&#8221;off&#8221; global_colors_info=&#8221;{}&#8221;][et_pb_row _builder_version=&#8221;4.25.1&#8243; width=&#8221;60%&#8221; width_tablet=&#8221;90%&#8221; width_phone=&#8221;90%&#8221; width_last_edited=&#8221;on|phone&#8221; max_width=&#8221;60%&#8221; max_width_tablet=&#8221;100%&#8221; max_width_phone=&#8221;100%&#8221; max_width_last_edited=&#8221;on|desktop&#8221; global_colors_info=&#8221;{}&#8221;][et_pb_column type=&#8221;4_4&#8243; _builder_version=&#8221;4.16&#8243; global_colors_info=&#8221;{}&#8221;][et_pb_text _builder_version=&#8221;4.25.1&#8243; text_font=&#8221;RDHD|300|||||||&#8221; text_text_color=&#8221;#000000&#8243; text_font_size=&#8221;35px&#8221; text_line_height=&#8221;1.6em&#8221; link_text_color=&#8221;#577a34&#8243; text_font_size_tablet=&#8221;25px&#8221; text_font_size_phone=&#8221;22px&#8221; text_font_size_last_edited=&#8221;on|phone&#8221; text_orientation_tablet=&#8221;center&#8221; text_orientation_phone=&#8221;center&#8221; text_orientation_last_edited=&#8221;on|phone&#8221; global_colors_info=&#8221;{}&#8221;]<\/p>\n<p>Capo Vaticano, gelegen aan de prachtige Tyrreense kust van Calabri\u00eb, is een niet te missen bestemming voor liefhebbers van de zee, duiken en buitenactiviteiten. Capo Vaticano staat bekend om zijn spectaculaire kliffen, kristalheldere water en verborgen baaitjes en biedt een unieke ervaring in contact met de natuur. Deze prachtige locatie ligt op korte afstand van Hotel Cala del Porto in Vibo Marina en is gemakkelijk bereikbaar voor wie een van de mooiste pareltjes van Calabri\u00eb wil verkennen.  <\/p>\n<p>[\/et_pb_text][\/et_pb_column][\/et_pb_row][\/et_pb_section][et_pb_section fb_built=&#8221;1&#8243; _builder_version=&#8221;4.25.1&#8243; _module_preset=&#8221;default&#8221; background_image=&#8221;https:\/\/www.caladelporto.com\/wp-content\/uploads\/2024\/06\/capo-vaticano-2.jpg&#8221; parallax=&#8221;on&#8221; parallax_method=&#8221;off&#8221; height=&#8221;533px&#8221; global_colors_info=&#8221;{}&#8221;][\/et_pb_section][et_pb_section fb_built=&#8221;1&#8243; _builder_version=&#8221;4.25.1&#8243; _module_preset=&#8221;default&#8221; global_colors_info=&#8221;{}&#8221;][et_pb_row _builder_version=&#8221;4.25.1&#8243; global_colors_info=&#8221;{}&#8221;][et_pb_column type=&#8221;4_4&#8243; _builder_version=&#8221;4.16&#8243; global_colors_info=&#8221;{}&#8221;][et_pb_text _builder_version=&#8221;4.25.1&#8243; text_font=&#8221;RDHD|300|||||||&#8221; text_text_color=&#8221;#000000&#8243; text_font_size=&#8221;35px&#8221; text_line_height=&#8221;1.6em&#8221; link_text_color=&#8221;#7cda24&#8243; text_orientation=&#8221;center&#8221; text_font_size_tablet=&#8221;25px&#8221; text_font_size_phone=&#8221;22px&#8221; text_font_size_last_edited=&#8221;on|phone&#8221; text_orientation_tablet=&#8221;center&#8221; text_orientation_phone=&#8221;center&#8221; text_orientation_last_edited=&#8221;off|desktop&#8221; global_colors_info=&#8221;{}&#8221;]<\/p>\n<p>Un soggiorno all&#8217;Hotel Cala del Porto permette di vivere appieno tutto ci\u00f2 che Capo Vaticano ha da offrire. Con le sue eccellenti strutture e la sua posizione ideale, l&#8217;hotel \u00e8 il rifugio perfetto per esplorare la Calabria e scoprire i suoi tesori nascosti. <\/p>\n<p>[\/et_pb_text][et_pb_text _builder_version=&#8221;4.25.1&#8243; text_font=&#8221;RDHD|300|||||||&#8221; text_text_color=&#8221;#000000&#8243; text_font_size=&#8221;20px&#8221; text_line_height=&#8221;1.6em&#8221; width=&#8221;80%&#8221; width_tablet=&#8221;100%&#8221; width_phone=&#8221;100%&#8221; width_last_edited=&#8221;on|tablet&#8221; max_width=&#8221;80%&#8221; max_width_tablet=&#8221;100%&#8221; max_width_phone=&#8221;100%&#8221; max_width_last_edited=&#8221;on|tablet&#8221; module_alignment=&#8221;center&#8221; text_font_size_tablet=&#8221;20px&#8221; text_font_size_phone=&#8221;18px&#8221; text_font_size_last_edited=&#8221;on|phone&#8221; text_orientation_tablet=&#8221;center&#8221; text_orientation_phone=&#8221;center&#8221; text_orientation_last_edited=&#8221;off|desktop&#8221; global_colors_info=&#8221;{}&#8221;]<\/p>\n<p>Capo Vaticano wordt beschouwd als een van de beste duiklocaties in Itali\u00eb. Het heldere, transparante water biedt een uitstekend zicht, waardoor u de buitengewone onderwaterrotsformaties en de rijke biodiversiteit van de zeebodem kunt observeren. Duiken bij Capo Vaticano biedt de mogelijkheid om zeegrotten, canyons en rotswanden te verkennen die worden bewoond door een groot aantal zeedieren.  <\/p>\n<p>Tot de populairste duiklocaties behoren de Secca di Capo Vaticano en de Grotta Azzurra, waar duikers kleurrijke koralen, sponzen, kreeften en allerlei soorten vissen kunnen bewonderen. Nachtduiken zijn bijzonder indrukwekkend, omdat je dan zeedieren kunt zien die alleen bij zonsondergang tevoorschijn komen, wat een onvergetelijk natuurspektakel oplevert. <\/p>\n<p>De verborgen baaitjes van Capo Vaticano, die alleen via zee of via onbegaanbare paden bereikbaar zijn, bieden een unieke ervaring van contact met de natuur. Deze vaak afgelegen en rustige paradijselijke plekjes zijn ideaal voor wie op zoek is naar privacy en een ongerepte omgeving. De stranden van Praia i Focu, Grotticelle en Tono zijn slechts enkele van de verborgen pareltjes langs de kust van Capo Vaticano.  <\/p>\n<p>[\/et_pb_text][\/et_pb_column][\/et_pb_row][\/et_pb_section][et_pb_section fb_built=&#8221;1&#8243; _builder_version=&#8221;4.25.1&#8243; _module_preset=&#8221;default&#8221; background_color=&#8221;#FFFFFF&#8221; custom_padding=&#8221;135px|||||&#8221; locked=&#8221;off&#8221; global_colors_info=&#8221;{}&#8221;][et_pb_row column_structure=&#8221;1_2,1_2&#8243; _builder_version=&#8221;4.25.1&#8243; global_colors_info=&#8221;{}&#8221;][et_pb_column type=&#8221;1_2&#8243; _builder_version=&#8221;4.16&#8243; global_colors_info=&#8221;{}&#8221;][et_pb_text _builder_version=&#8221;4.25.1&#8243; header_3_font=&#8221;MR xx||||||||&#8221; header_3_text_color=&#8221;#6d6964&#8243; header_3_font_size=&#8221;11vw&#8221; text_orientation=&#8221;center&#8221; animation_style=&#8221;fade&#8221; animation_duration=&#8221;950ms&#8221; header_3_font_size_tablet=&#8221;13vw&#8221; header_3_font_size_phone=&#8221;12vw&#8221; header_3_font_size_last_edited=&#8221;on|phone&#8221; animation_duration_tablet=&#8221;1300ms&#8221; animation_duration_phone=&#8221;1300ms&#8221; animation_duration_last_edited=&#8221;on|phone&#8221; global_colors_info=&#8221;{}&#8221;]<\/p>\n<h3>family<\/h3>\n<p>[\/et_pb_text][et_pb_text _builder_version=&#8221;4.25.1&#8243; text_font=&#8221;RDHD|300|||||||&#8221; text_text_color=&#8221;#000000&#8243; text_font_size=&#8221;35px&#8221; text_line_height=&#8221;1.6em&#8221; link_text_color=&#8221;#7cda24&#8243; text_orientation=&#8221;center&#8221; text_font_size_tablet=&#8221;25px&#8221; text_font_size_phone=&#8221;22px&#8221; text_font_size_last_edited=&#8221;on|phone&#8221; text_orientation_tablet=&#8221;center&#8221; text_orientation_phone=&#8221;center&#8221; text_orientation_last_edited=&#8221;off|desktop&#8221; global_colors_info=&#8221;{}&#8221;]<\/p>\n<p>Perfect voor gezinnen<\/p>\n<p>[\/et_pb_text][et_pb_text _builder_version=&#8221;4.25.1&#8243; text_font=&#8221;RDHD|300|||||||&#8221; text_text_color=&#8221;#000000&#8243; text_font_size=&#8221;20px&#8221; text_line_height=&#8221;1.6em&#8221; width=&#8221;80%&#8221; width_tablet=&#8221;100%&#8221; width_phone=&#8221;100%&#8221; width_last_edited=&#8221;on|tablet&#8221; max_width=&#8221;80%&#8221; max_width_tablet=&#8221;100%&#8221; max_width_phone=&#8221;100%&#8221; max_width_last_edited=&#8221;on|tablet&#8221; module_alignment=&#8221;center&#8221; text_font_size_tablet=&#8221;20px&#8221; text_font_size_phone=&#8221;18px&#8221; text_font_size_last_edited=&#8221;on|phone&#8221; text_orientation_tablet=&#8221;center&#8221; text_orientation_phone=&#8221;center&#8221; text_orientation_last_edited=&#8221;off|desktop&#8221; global_colors_info=&#8221;{}&#8221;]Onze suites zijn ontworpen voor gezinnen die samen op vakantie willen gaan zonder in te boeten aan comfort. De suites zijn met oog voor detail ingericht en bieden een verfijnde en elegante omgeving met veel ruimte en hoogwaardige voorzieningen. <\/p>\n<p>&nbsp;<\/p>\n<p><a href=\"https:\/\/www.example.com\" class=\"custom-button\" target=\"_blank\" rel=\"noopener\">Ontdek<\/a>[\/et_pb_text][\/et_pb_column][et_pb_column type=&#8221;1_2&#8243; _builder_version=&#8221;4.25.1&#8243; background_image=&#8221;https:\/\/www.caladelporto.com\/wp-content\/uploads\/2024\/05\/famiglia-hotel-cala-del-porto-vibo-marina-2.jpg&#8221; global_colors_info=&#8221;{}&#8221;][et_pb_text _builder_version=&#8221;4.25.1&#8243; _module_preset=&#8221;default&#8221; height=&#8221;533px&#8221; global_colors_info=&#8221;{}&#8221;][\/et_pb_text][\/et_pb_column][\/et_pb_row][\/et_pb_section][et_pb_section fb_built=&#8221;1&#8243; _builder_version=&#8221;4.25.1&#8243; _module_preset=&#8221;default&#8221; background_color=&#8221;gcid-cae9bc41-f69c-4fd3-9b5c-d24e032d106d&#8221; custom_padding=&#8221;135px|||||&#8221; locked=&#8221;off&#8221; global_colors_info=&#8221;{%22gcid-cae9bc41-f69c-4fd3-9b5c-d24e032d106d%22:%91%22background_color%22%93}&#8221;][et_pb_row column_structure=&#8221;1_2,1_2&#8243; _builder_version=&#8221;4.25.1&#8243; global_colors_info=&#8221;{}&#8221;][et_pb_column type=&#8221;1_2&#8243; _builder_version=&#8221;4.25.1&#8243; background_image=&#8221;https:\/\/www.caladelporto.com\/wp-content\/uploads\/2024\/05\/hotel-cala-del-porto-4-stelle-vibo-marina-calabria-1.jpg&#8221; global_colors_info=&#8221;{}&#8221;][et_pb_text _builder_version=&#8221;4.25.1&#8243; _module_preset=&#8221;default&#8221; height=&#8221;533px&#8221; global_colors_info=&#8221;{}&#8221;][\/et_pb_text][\/et_pb_column][et_pb_column type=&#8221;1_2&#8243; _builder_version=&#8221;4.16&#8243; global_colors_info=&#8221;{}&#8221;][et_pb_text _builder_version=&#8221;4.25.1&#8243; header_3_font=&#8221;MR xx||||||||&#8221; header_3_text_color=&#8221;#6d6964&#8243; header_3_font_size=&#8221;11vw&#8221; text_orientation=&#8221;center&#8221; animation_style=&#8221;fade&#8221; animation_duration=&#8221;950ms&#8221; header_3_font_size_tablet=&#8221;13vw&#8221; header_3_font_size_phone=&#8221;12vw&#8221; header_3_font_size_last_edited=&#8221;on|phone&#8221; animation_duration_tablet=&#8221;1300ms&#8221; animation_duration_phone=&#8221;1300ms&#8221; animation_duration_last_edited=&#8221;on|phone&#8221; global_colors_info=&#8221;{}&#8221;]<\/p>\n<h3>kamers en suites<\/h3>\n<p>[\/et_pb_text][et_pb_text _builder_version=&#8221;4.25.1&#8243; text_font=&#8221;RDHD|300|||||||&#8221; text_text_color=&#8221;#000000&#8243; text_font_size=&#8221;35px&#8221; text_line_height=&#8221;1.6em&#8221; link_text_color=&#8221;#7cda24&#8243; text_orientation=&#8221;center&#8221; text_font_size_tablet=&#8221;25px&#8221; text_font_size_phone=&#8221;22px&#8221; text_font_size_last_edited=&#8221;on|phone&#8221; text_orientation_tablet=&#8221;center&#8221; text_orientation_phone=&#8221;center&#8221; text_orientation_last_edited=&#8221;off|desktop&#8221; global_colors_info=&#8221;{}&#8221;]<\/p>\n<p><span>Perfect voor een onvergetelijk verblijf in Vibo Marina<\/span><\/p>\n<p>[\/et_pb_text][et_pb_text _builder_version=&#8221;4.25.1&#8243; text_font=&#8221;RDHD|300|||||||&#8221; text_text_color=&#8221;#000000&#8243; text_font_size=&#8221;20px&#8221; text_line_height=&#8221;1.6em&#8221; width=&#8221;80%&#8221; width_tablet=&#8221;100%&#8221; width_phone=&#8221;100%&#8221; width_last_edited=&#8221;on|tablet&#8221; max_width=&#8221;80%&#8221; max_width_tablet=&#8221;100%&#8221; max_width_phone=&#8221;100%&#8221; max_width_last_edited=&#8221;on|tablet&#8221; module_alignment=&#8221;center&#8221; hover_enabled=&#8221;0&#8243; text_font_size_tablet=&#8221;20px&#8221; text_font_size_phone=&#8221;18px&#8221; text_font_size_last_edited=&#8221;on|phone&#8221; text_orientation_tablet=&#8221;center&#8221; text_orientation_phone=&#8221;center&#8221; text_orientation_last_edited=&#8221;off|desktop&#8221; global_colors_info=&#8221;{}&#8221; sticky_enabled=&#8221;0&#8243;]Hotel Cala del Porto beschikt over 33 kamers verdeeld over drie verdiepingen, allemaal met een balkon om te genieten van het adembenemende uitzicht op de haven of de zee. De kamers zijn ontworpen om aan de behoeften van elk type reiziger te voldoen, met bijzondere aandacht voor details en comfort. <\/p>\n<p><span><\/span><\/p>\n<p><a href=\"https:\/\/www.caladelporto.com\/camere-hotel-vibo-marina\/\" class=\"custom-button\">Ontdek<\/a>[\/et_pb_text][\/et_pb_column][\/et_pb_row][\/et_pb_section][et_pb_section fb_built=&#8221;1&#8243; _builder_version=&#8221;4.25.1&#8243; _module_preset=&#8221;default&#8221; background_color=&#8221;#FFFFFF&#8221; custom_padding=&#8221;135px|||||&#8221; locked=&#8221;off&#8221; global_colors_info=&#8221;{}&#8221;][et_pb_row column_structure=&#8221;1_2,1_2&#8243; _builder_version=&#8221;4.25.1&#8243; global_colors_info=&#8221;{}&#8221;][et_pb_column type=&#8221;1_2&#8243; _builder_version=&#8221;4.16&#8243; global_colors_info=&#8221;{}&#8221;][et_pb_text _builder_version=&#8221;4.25.1&#8243; header_3_font=&#8221;MR xx||||||||&#8221; header_3_text_color=&#8221;#6d6964&#8243; header_3_font_size=&#8221;11vw&#8221; header_3_line_height=&#8221;0.8em&#8221; text_orientation=&#8221;center&#8221; animation_style=&#8221;fade&#8221; animation_duration=&#8221;950ms&#8221; header_3_font_size_tablet=&#8221;13vw&#8221; header_3_font_size_phone=&#8221;12vw&#8221; header_3_font_size_last_edited=&#8221;on|phone&#8221; animation_duration_tablet=&#8221;1300ms&#8221; animation_duration_phone=&#8221;1300ms&#8221; animation_duration_last_edited=&#8221;on|phone&#8221; global_colors_info=&#8221;{}&#8221;]<\/p>\n<h3>volpension<\/h3>\n<p>[\/et_pb_text][et_pb_text _builder_version=&#8221;4.25.1&#8243; text_font=&#8221;RDHD|300|||||||&#8221; text_text_color=&#8221;#000000&#8243; text_font_size=&#8221;35px&#8221; text_line_height=&#8221;1.6em&#8221; link_text_color=&#8221;#7cda24&#8243; text_orientation=&#8221;center&#8221; text_font_size_tablet=&#8221;25px&#8221; text_font_size_phone=&#8221;22px&#8221; text_font_size_last_edited=&#8221;on|phone&#8221; text_orientation_tablet=&#8221;center&#8221; text_orientation_phone=&#8221;center&#8221; text_orientation_last_edited=&#8221;off|desktop&#8221; global_colors_info=&#8221;{}&#8221;]<\/p>\n<p>De perfecte oplossing voor uw verblijf: volpension<\/p>\n<p>[\/et_pb_text][et_pb_text _builder_version=&#8221;4.25.1&#8243; text_font=&#8221;RDHD|300|||||||&#8221; text_text_color=&#8221;#000000&#8243; text_font_size=&#8221;20px&#8221; text_line_height=&#8221;1.6em&#8221; width=&#8221;80%&#8221; width_tablet=&#8221;100%&#8221; width_phone=&#8221;100%&#8221; width_last_edited=&#8221;on|tablet&#8221; max_width=&#8221;80%&#8221; max_width_tablet=&#8221;100%&#8221; max_width_phone=&#8221;100%&#8221; max_width_last_edited=&#8221;on|tablet&#8221; module_alignment=&#8221;center&#8221; hover_enabled=&#8221;0&#8243; text_font_size_tablet=&#8221;20px&#8221; text_font_size_phone=&#8221;18px&#8221; text_font_size_last_edited=&#8221;on|phone&#8221; text_orientation_tablet=&#8221;center&#8221; text_orientation_phone=&#8221;center&#8221; text_orientation_last_edited=&#8221;off|desktop&#8221; global_colors_info=&#8221;{}&#8221; sticky_enabled=&#8221;0&#8243;]Bij het plannen van een vakantie telt elk detail. In Hotel Cala del Porto in Vibo Marina streven we ernaar onze gasten een onvergetelijke vakantie-ervaring te bieden, waarbij comfort, luxe en een hoogwaardige keuken samenkomen. Ons aanbod van volpension is de ideale oplossing voor wie een zorgeloze vakantie wil beleven, met alle maaltijden inbegrepen en de zekerheid dat u van de eerste tot de laatste dag in de watten wordt gelegd.  <\/p>\n<p>&nbsp;<\/p>\n<p><a href=\"https:\/\/www.caladelporto.com\/hotel-4-stelle-a-vibo-marina\/pensione-completa-vacanza-calabria\/\" class=\"custom-button\">Ontdek<\/a>[\/et_pb_text][\/et_pb_column][et_pb_column type=&#8221;1_2&#8243; _builder_version=&#8221;4.25.1&#8243; background_image=&#8221;https:\/\/www.caladelporto.com\/wp-content\/uploads\/2024\/06\/pensione-completa-hotel-cala-del-porto-vibo-marina-1.jpg&#8221; global_colors_info=&#8221;{}&#8221;][et_pb_text _builder_version=&#8221;4.25.1&#8243; _module_preset=&#8221;default&#8221; height=&#8221;533px&#8221; global_colors_info=&#8221;{}&#8221;][\/et_pb_text][\/et_pb_column][\/et_pb_row][\/et_pb_section][et_pb_section fb_built=&#8221;1&#8243; _builder_version=&#8221;4.25.1&#8243; _module_preset=&#8221;default&#8221; background_color=&#8221;gcid-cae9bc41-f69c-4fd3-9b5c-d24e032d106d&#8221; custom_padding=&#8221;135px|||||&#8221; locked=&#8221;off&#8221; global_colors_info=&#8221;{%22gcid-cae9bc41-f69c-4fd3-9b5c-d24e032d106d%22:%91%22background_color%22%93}&#8221;][et_pb_row column_structure=&#8221;1_2,1_2&#8243; _builder_version=&#8221;4.25.1&#8243; global_colors_info=&#8221;{}&#8221;][et_pb_column type=&#8221;1_2&#8243; _builder_version=&#8221;4.25.1&#8243; background_image=&#8221;https:\/\/www.caladelporto.com\/wp-content\/uploads\/2024\/06\/ristorante-lapprodo-1.jpg&#8221; global_colors_info=&#8221;{}&#8221;][et_pb_text _builder_version=&#8221;4.25.1&#8243; _module_preset=&#8221;default&#8221; height=&#8221;533px&#8221; global_colors_info=&#8221;{}&#8221;][\/et_pb_text][\/et_pb_column][et_pb_column type=&#8221;1_2&#8243; _builder_version=&#8221;4.16&#8243; global_colors_info=&#8221;{}&#8221;][et_pb_text _builder_version=&#8221;4.25.1&#8243; header_3_font=&#8221;MR xx||||||||&#8221; header_3_text_color=&#8221;#6d6964&#8243; header_3_font_size=&#8221;11vw&#8221; text_orientation=&#8221;center&#8221; animation_style=&#8221;fade&#8221; animation_duration=&#8221;950ms&#8221; header_3_font_size_tablet=&#8221;13vw&#8221; header_3_font_size_phone=&#8221;12vw&#8221; header_3_font_size_last_edited=&#8221;on|phone&#8221; animation_duration_tablet=&#8221;1300ms&#8221; animation_duration_phone=&#8221;1300ms&#8221; animation_duration_last_edited=&#8221;on|phone&#8221; global_colors_info=&#8221;{}&#8221;]<\/p>\n<h3>halfpension<\/h3>\n<p>[\/et_pb_text][et_pb_text _builder_version=&#8221;4.25.1&#8243; text_font=&#8221;RDHD|300|||||||&#8221; text_text_color=&#8221;#000000&#8243; text_font_size=&#8221;35px&#8221; text_line_height=&#8221;1.6em&#8221; link_text_color=&#8221;#7cda24&#8243; text_orientation=&#8221;center&#8221; text_font_size_tablet=&#8221;25px&#8221; text_font_size_phone=&#8221;22px&#8221; text_font_size_last_edited=&#8221;on|phone&#8221; text_orientation_tablet=&#8221;center&#8221; text_orientation_phone=&#8221;center&#8221; text_orientation_last_edited=&#8221;off|desktop&#8221; global_colors_info=&#8221;{}&#8221;]<\/p>\n<p>Heerlijk diner en ontbijtbuffet: halfpension in Cala del Porto<\/p>\n<p>[\/et_pb_text][et_pb_text _builder_version=&#8221;4.25.1&#8243; text_font=&#8221;RDHD|300|||||||&#8221; text_text_color=&#8221;#000000&#8243; text_font_size=&#8221;20px&#8221; text_line_height=&#8221;1.6em&#8221; width=&#8221;80%&#8221; width_tablet=&#8221;100%&#8221; width_phone=&#8221;100%&#8221; width_last_edited=&#8221;on|tablet&#8221; max_width=&#8221;80%&#8221; max_width_tablet=&#8221;100%&#8221; max_width_phone=&#8221;100%&#8221; max_width_last_edited=&#8221;on|tablet&#8221; module_alignment=&#8221;center&#8221; hover_enabled=&#8221;0&#8243; text_font_size_tablet=&#8221;20px&#8221; text_font_size_phone=&#8221;18px&#8221; text_font_size_last_edited=&#8221;on|phone&#8221; text_orientation_tablet=&#8221;center&#8221; text_orientation_phone=&#8221;center&#8221; text_orientation_last_edited=&#8221;off|desktop&#8221; global_colors_info=&#8221;{}&#8221; sticky_enabled=&#8221;0&#8243;]Met halfpension kunt u genieten van een heerlijk diner en een uitgebreid ontbijt zonder dat u zich zorgen hoeft te maken over het zoeken naar restaurants of lang hoeft te wachten. Zo bespaart u tijd en kunt u optimaal van uw verblijf genieten. <\/p>\n<p>&nbsp;<\/p>\n<p><a href=\"https:\/\/www.caladelporto.com\/hotel-4-stelle-a-vibo-marina\/mezza-pensione-vacanza-calabria\/\" class=\"custom-button\">Ontdek<\/a>[\/et_pb_text][\/et_pb_column][\/et_pb_row][\/et_pb_section][et_pb_section fb_built=&#8221;1&#8243; _builder_version=&#8221;4.25.1&#8243; _module_preset=&#8221;default&#8221; global_module=&#8221;420&#8243; global_colors_info=&#8221;{}&#8221;][et_pb_row column_structure=&#8221;1_2,1_2&#8243; _builder_version=&#8221;4.25.1&#8243; _module_preset=&#8221;default&#8221; width=&#8221;90%&#8221; max_width=&#8221;100%&#8221; global_colors_info=&#8221;{}&#8221;][et_pb_column type=&#8221;1_2&#8243; _builder_version=&#8221;4.25.1&#8243; _module_preset=&#8221;default&#8221; global_colors_info=&#8221;{}&#8221;][et_pb_text _builder_version=&#8221;4.25.1&#8243; text_font=&#8221;RDHD|300|||||||&#8221; text_text_color=&#8221;#000000&#8243; text_font_size=&#8221;35px&#8221; text_line_height=&#8221;1.6em&#8221; link_text_color=&#8221;#7cda24&#8243; text_orientation=&#8221;center&#8221; text_font_size_tablet=&#8221;25px&#8221; text_font_size_phone=&#8221;22px&#8221; text_font_size_last_edited=&#8221;on|phone&#8221; text_orientation_tablet=&#8221;center&#8221; text_orientation_phone=&#8221;center&#8221; text_orientation_last_edited=&#8221;off|desktop&#8221; global_colors_info=&#8221;{}&#8221;]<\/p>\n<p>Wilt u een gepersonaliseerd voorstel?<\/p>\n<p>[\/et_pb_text][et_pb_code _builder_version=&#8221;4.25.1&#8243; _module_preset=&#8221;default&#8221; global_colors_info=&#8221;{}&#8221;] <script type=\"text\/javascript\" src=\"https:\/\/www.scidoo.com\/widget_contatti\/include_widget_contatti.js\" id=\"scidoo-widget-contatti\" data-codice=\"1286\" data-lang=\"0\" data-struttura=\"-1\" data-provenienza=\"0\" data-testo-struttura=\"\" data-container=\"\" data-tipologia-richiesta=\"0\" data-blocca-date=\"0\" data-nota-preventivo=\"\" data-settore-specifico=\"0\"><\/script>[\/et_pb_code][\/et_pb_column][et_pb_column type=&#8221;1_2&#8243; _builder_version=&#8221;4.25.1&#8243; _module_preset=&#8221;default&#8221; global_colors_info=&#8221;{}&#8221;][et_pb_text _builder_version=&#8221;4.25.1&#8243; _module_preset=&#8221;default&#8221; text_font=&#8221;RDHD||||||||&#8221; text_text_color=&#8221;#FFFFFF&#8221; text_font_size=&#8221;20px&#8221; background_color=&#8221;#475843&#8243; custom_padding=&#8221;80px|40px|80px|40px|true|true&#8221; text_font_size_tablet=&#8221;20px&#8221; text_font_size_phone=&#8221;18px&#8221; text_font_size_last_edited=&#8221;on|desktop&#8221; global_colors_info=&#8221;{}&#8221;]<\/p>\n<p>Als u rechtstreeks op de offici\u00eble website van Hotel Cala del Porto boekt, profiteert u van exclusieve tarieven en speciale aanbiedingen.<\/p>\n<p>Dit garandeert u niet alleen de beste beschikbare prijs, maar ook meer flexibiliteit bij het reserveren en de mogelijkheid om rechtstreeks met onze medewerkers te communiceren voor eventuele speciale verzoeken.<\/p>\n<p>[\/et_pb_text][et_pb_text _builder_version=&#8221;4.25.1&#8243; _module_preset=&#8221;default&#8221; text_font=&#8221;RDHD||||||||&#8221; text_text_color=&#8221;#FFFFFF&#8221; text_font_size=&#8221;20px&#8221; background_color=&#8221;#a79b8f&#8221; custom_padding=&#8221;80px|40px|80px|40px|true|true&#8221; text_font_size_tablet=&#8221;20px&#8221; text_font_size_phone=&#8221;18px&#8221; text_font_size_last_edited=&#8221;on|desktop&#8221; global_colors_info=&#8221;{}&#8221;]<\/p>\n<p><strong>-20% ten opzichte van online reisbureaus<\/strong><\/p>\n<p><strong>Beste tarieven gegarandeerd<\/strong><br \/><strong><\/strong><br \/><strong>Exclusieve aanbiedingen<\/strong><\/p>\n<p>[\/et_pb_text][\/et_pb_column][\/et_pb_row][\/et_pb_section][et_pb_section fb_built=&#8221;1&#8243; _builder_version=&#8221;4.25.1&#8243; _module_preset=&#8221;default&#8221; background_color=&#8221;#fdfbf5&#8243; custom_padding=&#8221;135px||||false|false&#8221; global_module=&#8221;421&#8243; global_colors_info=&#8221;{}&#8221;][et_pb_row column_structure=&#8221;1_2,1_2&#8243; _builder_version=&#8221;4.25.1&#8243; _module_preset=&#8221;default&#8221; width=&#8221;90%&#8221; max_width=&#8221;100%&#8221; global_colors_info=&#8221;{}&#8221;][et_pb_column type=&#8221;1_2&#8243; _builder_version=&#8221;4.25.1&#8243; _module_preset=&#8221;default&#8221; global_colors_info=&#8221;{}&#8221;][et_pb_text _builder_version=&#8221;4.25.1&#8243; text_font=&#8221;RDHD|300|||||||&#8221; text_text_color=&#8221;#000000&#8243; text_font_size=&#8221;35px&#8221; text_line_height=&#8221;1.6em&#8221; link_text_color=&#8221;#7cda24&#8243; text_orientation=&#8221;center&#8221; text_font_size_tablet=&#8221;25px&#8221; text_font_size_phone=&#8221;22px&#8221; text_font_size_last_edited=&#8221;on|phone&#8221; text_orientation_tablet=&#8221;center&#8221; text_orientation_phone=&#8221;center&#8221; text_orientation_last_edited=&#8221;off|desktop&#8221; global_colors_info=&#8221;{}&#8221;]<\/p>\n<p>Nieuwsbrief<\/p>\n<p>[\/et_pb_text][et_pb_text _builder_version=&#8221;4.25.1&#8243; text_font=&#8221;RDHD|300|||||||&#8221; text_text_color=&#8221;#000000&#8243; text_font_size=&#8221;20px&#8221; text_line_height=&#8221;1.6em&#8221; link_text_color=&#8221;#7cda24&#8243; width=&#8221;80%&#8221; width_tablet=&#8221;100%&#8221; width_phone=&#8221;100%&#8221; width_last_edited=&#8221;on|tablet&#8221; max_width=&#8221;80%&#8221; max_width_tablet=&#8221;100%&#8221; max_width_phone=&#8221;100%&#8221; max_width_last_edited=&#8221;on|tablet&#8221; module_alignment=&#8221;center&#8221; text_font_size_tablet=&#8221;20px&#8221; text_font_size_phone=&#8221;18px&#8221; text_font_size_last_edited=&#8221;on|phone&#8221; text_orientation_tablet=&#8221;center&#8221; text_orientation_phone=&#8221;center&#8221; text_orientation_last_edited=&#8221;off|desktop&#8221; global_colors_info=&#8221;{}&#8221;]<\/p>\n<p>Als u op de hoogte wilt blijven van alle nieuwtjes, exclusieve aanbiedingen en speciale evenementen van Hotel Cala del Porto, schrijf u dan in voor onze nieuwsbrief!<\/p>\n<p>[\/et_pb_text][\/et_pb_column][et_pb_column type=&#8221;1_2&#8243; _builder_version=&#8221;4.25.1&#8243; _module_preset=&#8221;default&#8221; global_colors_info=&#8221;{}&#8221;][et_pb_text _builder_version=&#8221;4.25.1&#8243; _module_preset=&#8221;default&#8221; background_color=&#8221;#FFFFFF&#8221; custom_padding=&#8221;20px|10px|20px|10px|true|true&#8221; global_colors_info=&#8221;{}&#8221;]<\/p>\n<p>E-mail<\/p>\n<p>[\/et_pb_text][et_pb_text _builder_version=&#8221;4.25.1&#8243; text_font=&#8221;Red Hat Display|700|||||||&#8221; text_text_color=&#8221;#ffffff&#8221; text_font_size=&#8221;16px&#8221; text_letter_spacing=&#8221;2px&#8221; background_color=&#8221;#475843&#8243; text_orientation=&#8221;center&#8221; custom_padding=&#8221;20px||20px||true|false&#8221; global_colors_info=&#8221;{}&#8221;]<\/p>\n<p>REGISTREER<\/p>\n<p>[\/et_pb_text][\/et_pb_column][\/et_pb_row][\/et_pb_section][et_pb_section fb_built=&#8221;1&#8243; _builder_version=&#8221;4.25.1&#8243; _module_preset=&#8221;default&#8221; global_module=&#8221;419&#8243; global_colors_info=&#8221;{}&#8221;][et_pb_row _builder_version=&#8221;4.25.1&#8243; _module_preset=&#8221;default&#8221; locked=&#8221;off&#8221; global_colors_info=&#8221;{}&#8221;][et_pb_column type=&#8221;4_4&#8243; _builder_version=&#8221;4.25.1&#8243; _module_preset=&#8221;default&#8221; global_colors_info=&#8221;{}&#8221;][et_pb_image src=&#8221;https:\/\/www.caladelporto.com\/wp-content\/uploads\/2024\/05\/logo1-3.png&#8221; title_text=&#8221;logo1-3&#8243; _builder_version=&#8221;4.25.1&#8243; _module_preset=&#8221;default&#8221; global_colors_info=&#8221;{}&#8221;][\/et_pb_image][et_pb_text _builder_version=&#8221;4.25.1&#8243; text_font=&#8221;RDHD|300|||||||&#8221; text_text_color=&#8221;#000000&#8243; text_font_size=&#8221;20px&#8221; text_line_height=&#8221;1.6em&#8221; link_text_color=&#8221;#7cda24&#8243; width_last_edited=&#8221;off|desktop&#8221; max_width_tablet=&#8221;&#8221; max_width_phone=&#8221;&#8221; max_width_last_edited=&#8221;on|tablet&#8221; module_alignment=&#8221;center&#8221; text_font_size_tablet=&#8221;20px&#8221; text_font_size_phone=&#8221;18px&#8221; text_font_size_last_edited=&#8221;on|phone&#8221; text_orientation_tablet=&#8221;center&#8221; text_orientation_phone=&#8221;center&#8221; text_orientation_last_edited=&#8221;off|desktop&#8221; global_colors_info=&#8221;{}&#8221;]<\/p>\n<p>Adres: Via Roma, 89900 Vibo Marina VV<\/p>\n<p>Telefoon: +39 0963 577762<\/p>\n<p>P.iva: 03663630790<\/p>\n<p>Cir: 102047-ALB-00002<\/p>\n<p>&nbsp;<\/p>\n<p>[\/et_pb_text][et_pb_social_media_follow icon_color=&#8221;gcid-af9142b2-c7bb-4025-b5bc-0a5772cc740b&#8221; use_icon_font_size=&#8221;on&#8221; icon_font_size=&#8221;18px&#8221; icon_font_size_tablet=&#8221;14px&#8221; icon_font_size_phone=&#8221;14px&#8221; icon_font_size_last_edited=&#8221;on|phone&#8221; _builder_version=&#8221;4.25.1&#8243; custom_margin_tablet=&#8221;|0px||0px|false|true&#8221; custom_margin_phone=&#8221;|0px||0px|false|true&#8221; custom_margin_last_edited=&#8221;on|phone&#8221; locked=&#8221;off&#8221; global_colors_info=&#8221;{%22gcid-af9142b2-c7bb-4025-b5bc-0a5772cc740b%22:%91%22icon_color__hover%22,%22icon_color%22%93}&#8221; icon_color__hover_enabled=&#8221;on|desktop&#8221; icon_color__hover=&#8221;#577a34&#8243; border_color_all__hover_enabled=&#8221;off|desktop&#8221; border_color_all__hover=&#8221;#c4a973&#8243;][et_pb_social_media_follow_network social_network=&#8221;facebook&#8221; url=&#8221;https:\/\/m.facebook.com\/p\/Hotel-Cala-del-Porto-100063606427648\/&#8221; _builder_version=&#8221;4.25.1&#8243; background_color=&#8221;RGBA(255,255,255,0)&#8221; background_enable_color=&#8221;on&#8221; custom_margin=&#8221;|10px|||false|false&#8221; custom_padding=&#8221;10px|10px|10px|10px|true|true&#8221; border_radii=&#8221;on|50px|50px|50px|50px&#8221; border_width_all=&#8221;3px&#8221; border_color_all=&#8221;gcid-af9142b2-c7bb-4025-b5bc-0a5772cc740b&#8221; global_colors_info=&#8221;{%22gcid-af9142b2-c7bb-4025-b5bc-0a5772cc740b%22:%91%22border_color_all__hover%22,%22border_color_all%22%93}&#8221; border_color_all__hover_enabled=&#8221;on|hover&#8221; border_color_all__hover=&#8221;#577a34&#8243; follow_button=&#8221;off&#8221; url_new_window=&#8221;on&#8221;]facebook[\/et_pb_social_media_follow_network][et_pb_social_media_follow_network social_network=&#8221;instagram&#8221; url=&#8221;https:\/\/www.instagram.com\/hotelcaladelporto\/&#8221; _builder_version=&#8221;4.25.1&#8243; background_color=&#8221;RGBA(255,255,255,0)&#8221; background_enable_color=&#8221;on&#8221; custom_margin=&#8221;|10px|||false|false&#8221; custom_padding=&#8221;10px|10px|10px|10px|true|true&#8221; border_radii=&#8221;on|50px|50px|50px|50px&#8221; border_width_all=&#8221;3px&#8221; border_color_all=&#8221;gcid-af9142b2-c7bb-4025-b5bc-0a5772cc740b&#8221; global_colors_info=&#8221;{%22gcid-af9142b2-c7bb-4025-b5bc-0a5772cc740b%22:%91%22border_color_all__hover%22,%22border_color_all%22,%22border_color_all__hover%22%93}&#8221; border_color_all__hover_enabled=&#8221;on|hover&#8221; border_color_all__hover=&#8221;#577a34&#8243; follow_button=&#8221;off&#8221; url_new_window=&#8221;on&#8221;]instagram[\/et_pb_social_media_follow_network][\/et_pb_social_media_follow][\/et_pb_column][\/et_pb_row][et_pb_row _builder_version=&#8221;4.25.1&#8243; _module_preset=&#8221;default&#8221; global_colors_info=&#8221;{}&#8221;][et_pb_column type=&#8221;4_4&#8243; _builder_version=&#8221;4.25.1&#8243; _module_preset=&#8221;default&#8221; global_colors_info=&#8221;{}&#8221;][et_pb_divider color=&#8221;#000000&#8243; _builder_version=&#8221;4.25.1&#8243; _module_preset=&#8221;default&#8221; global_colors_info=&#8221;{}&#8221;][\/et_pb_divider][\/et_pb_column][\/et_pb_row][et_pb_row _builder_version=&#8221;4.25.1&#8243; _module_preset=&#8221;default&#8221; global_colors_info=&#8221;{}&#8221;][et_pb_column type=&#8221;4_4&#8243; _builder_version=&#8221;4.25.1&#8243; _module_preset=&#8221;default&#8221; global_colors_info=&#8221;{}&#8221;][et_pb_text _builder_version=&#8221;4.25.1&#8243; text_font=&#8221;RDHD|800|||||||&#8221; text_text_color=&#8221;#000000&#8243; text_font_size=&#8221;20px&#8221; text_line_height=&#8221;1.6em&#8221; link_text_color=&#8221;#7cda24&#8243; text_orientation=&#8221;right&#8221; width_last_edited=&#8221;off|desktop&#8221; max_width_tablet=&#8221;&#8221; max_width_phone=&#8221;&#8221; max_width_last_edited=&#8221;on|tablet&#8221; module_alignment=&#8221;center&#8221; text_font_size_tablet=&#8221;20px&#8221; text_font_size_phone=&#8221;18px&#8221; text_font_size_last_edited=&#8221;on|phone&#8221; text_orientation_tablet=&#8221;center&#8221; text_orientation_phone=&#8221;center&#8221; text_orientation_last_edited=&#8221;on|tablet&#8221; global_colors_info=&#8221;{}&#8221;]<\/p>\n<p>credits <img loading=\"lazy\" decoding=\"async\" src=\"https:\/\/www.caladelporto.com\/wp-content\/uploads\/2024\/05\/logo-hotel-target-2.0-7-300x29.png\" width=\"155\" height=\"15\" alt=\"\" class=\"wp-image-146 alignnone size-medium\"><\/p>\n<p>[\/et_pb_text][\/et_pb_column][\/et_pb_row][\/et_pb_section][et_pb_section fb_built=&#8221;1&#8243; _builder_version=&#8221;4.25.1&#8243; _module_preset=&#8221;default&#8221; background_color=&#8221;#fdfbf5&#8243; custom_padding=&#8221;135px||||false|false&#8221; locked=&#8221;off&#8221; global_colors_info=&#8221;{}&#8221;][et_pb_row _builder_version=&#8221;4.25.1&#8243; _module_preset=&#8221;default&#8221; global_colors_info=&#8221;{}&#8221;][et_pb_column type=&#8221;4_4&#8243; _builder_version=&#8221;4.25.1&#8243; _module_preset=&#8221;default&#8221; global_colors_info=&#8221;{}&#8221;][et_pb_code _builder_version=&#8221;4.25.1&#8243; _module_preset=&#8221;default&#8221; global_colors_info=&#8221;{}&#8221;]    <\/p>\n<div id=\"languagePopup\" class=\"popup\"><!-- [et_pb_line_break_holder] -->        <\/p>\n<div class=\"popup-content\"><!-- [et_pb_line_break_holder] -->            <span class=\"close\">\u00d7<\/span><!-- [et_pb_line_break_holder] -->            <\/p>\n<h2>Selecteer de taal<\/h2>\n<p><!-- [et_pb_line_break_holder] -->            <\/p>\n<ul><!-- [et_pb_line_break_holder] -->                <\/p>\n<li><a href=\"#\"><img decoding=\"async\" src=\"https:\/\/www.caladelporto.com\/wp-content\/uploads\/2024\/05\/ita-bandiera.png\" alt=\"Italiano\"> Italiano<\/a><\/li>\n<p><!-- [et_pb_line_break_holder] -->                <\/p>\n<li><a href=\"#\"><img decoding=\"async\" src=\"https:\/\/www.caladelporto.com\/wp-content\/uploads\/2024\/05\/en-bandiera.png\" alt=\"English\"> English<\/a><\/li>\n<p><!-- [et_pb_line_break_holder] -->                <\/p>\n<li><a href=\"#\"><img decoding=\"async\" src=\"https:\/\/www.caladelporto.com\/wp-content\/uploads\/2024\/05\/bandiera-fra.png\" alt=\"Fran\u00e7ais\"> Fran\u00e7ais<\/a><\/li>\n<p><!-- [et_pb_line_break_holder] -->                <\/p>\n<li><a href=\"#\"><img decoding=\"async\" src=\"https:\/\/www.caladelporto.com\/wp-content\/uploads\/2024\/05\/de-bandiera.png\" alt=\"Deutsch\"> Deutsch<\/a><\/li>\n<p><!-- [et_pb_line_break_holder] -->            <\/ul>\n<p><!-- [et_pb_line_break_holder] -->        <\/div>\n<p><!-- [et_pb_line_break_holder] -->    <\/div>\n<p>[\/et_pb_code][et_pb_code _builder_version=&#8221;4.25.1&#8243; _module_preset=&#8221;default&#8221; global_colors_info=&#8221;{}&#8221;]<script><!-- [et_pb_line_break_holder] -->document.addEventListener('DOMContentLoaded', function () {<!-- [et_pb_line_break_holder] -->    var popup = document.getElementById('languagePopup');<!-- [et_pb_line_break_holder] -->    var btn = document.getElementById('languageButton');<!-- [et_pb_line_break_holder] -->    var span = document.getElementsByClassName('close')[0];<!-- [et_pb_line_break_holder] --><!-- [et_pb_line_break_holder] -->    btn.onclick = function () {<!-- [et_pb_line_break_holder] -->        popup.style.display = 'block';<!-- [et_pb_line_break_holder] -->    }<!-- [et_pb_line_break_holder] --><!-- [et_pb_line_break_holder] -->    span.onclick = function () {<!-- [et_pb_line_break_holder] -->        popup.style.display = 'none';<!-- [et_pb_line_break_holder] -->    }<!-- [et_pb_line_break_holder] --><!-- [et_pb_line_break_holder] -->    window.onclick = function (event) {<!-- [et_pb_line_break_holder] -->        if (event.target == popup) {<!-- [et_pb_line_break_holder] -->            popup.style.display = 'none';<!-- [et_pb_line_break_holder] -->        }<!-- [et_pb_line_break_holder] -->    }<!-- [et_pb_line_break_holder] -->});<!-- [et_pb_line_break_holder] --><!-- [et_pb_line_break_holder] --><\/script><!-- [et_pb_line_break_holder] -->  [\/et_pb_code][\/et_pb_column][\/et_pb_row][\/et_pb_section][et_pb_section fb_built=&#8221;1&#8243; disabled_on=&#8221;on|on|off&#8221; _builder_version=&#8221;4.25.1&#8243; background_color=&#8221;rgba(0,0,0,0)&#8221; positioning=&#8221;fixed&#8221; position_origin_a=&#8221;bottom_right&#8221; position_origin_f=&#8221;bottom_right&#8221; vertical_offset=&#8221;30px&#8221; horizontal_offset=&#8221;0px&#8221; z_index=&#8221;9999999&#8243; width=&#8221;60%&#8221; max_width=&#8221;60%&#8221; custom_padding=&#8221;0px||0px||false|false&#8221; global_module=&#8221;189&#8243; saved_tabs=&#8221;all&#8221; locked=&#8221;off&#8221; global_colors_info=&#8221;{}&#8221;][et_pb_row column_structure=&#8221;1_2,1_4,1_4&#8243; use_custom_gutter=&#8221;on&#8221; gutter_width=&#8221;2&#8243; _builder_version=&#8221;4.25.1&#8243; width=&#8221;100%&#8221; max_width=&#8221;100%&#8221; module_alignment=&#8221;right&#8221; custom_margin=&#8221;||||false|false&#8221; custom_padding=&#8221;0px|40px|0px||true|false&#8221; global_colors_info=&#8221;{}&#8221;][et_pb_column type=&#8221;1_2&#8243; _builder_version=&#8221;4.25.1&#8243; background_color=&#8221;rgba(0,0,0,0.5)&#8221; box_shadow_style=&#8221;preset1&#8243; global_colors_info=&#8221;{}&#8221;][et_pb_text _builder_version=&#8221;4.25.1&#8243; text_font=&#8221;Red Hat Display||||||||&#8221; text_text_color=&#8221;#ffffff&#8221; text_font_size=&#8221;16px&#8221; text_orientation=&#8221;center&#8221; custom_padding=&#8221;20px||20px||true|false&#8221; global_colors_info=&#8221;{}&#8221;]<\/p>\n<p><i class=\"fa-solid fa-phone\"><\/i> <span itemprop=\"telephone\"> +39 0963\/577762 | <\/span><span> <\/span><span class=\"line\"><\/span><i class=\"fa-solid fa-location-dot\"><\/i><span> Vibo Marina<\/span><\/p>\n<p>[\/et_pb_text][\/et_pb_column][et_pb_column type=&#8221;1_4&#8243; _builder_version=&#8221;4.25.1&#8243; background_color=&#8221;#fccf7b&#8221; box_shadow_style=&#8221;preset1&#8243; global_colors_info=&#8221;{}&#8221;][et_pb_text _builder_version=&#8221;4.25.1&#8243; text_font=&#8221;Red Hat Display|700|||||||&#8221; text_text_color=&#8221;gcid-heading-color&#8221; text_font_size=&#8221;16px&#8221; text_letter_spacing=&#8221;2px&#8221; text_orientation=&#8221;center&#8221; custom_padding=&#8221;20px||20px||true|false&#8221; link_option_url=&#8221;https:\/\/booking.bedzzle.com\/desktop\/?apikey=1668cb86ac904e2f307ef4058a0e7d16&#038;lang=it#search\/&#8221; global_colors_info=&#8221;{%22gcid-heading-color%22:%91%22text_text_color%22%93}&#8221;]<\/p>\n<p>BOEKEN<\/p>\n<p>[\/et_pb_text][\/et_pb_column][et_pb_column type=&#8221;1_4&#8243; _builder_version=&#8221;4.25.1&#8243; background_color=&#8221;#577a34&#8243; box_shadow_style=&#8221;preset1&#8243; global_colors_info=&#8221;{}&#8221;][et_pb_text _builder_version=&#8221;4.25.1&#8243; _dynamic_attributes=&#8221;link_option_url&#8221; text_font=&#8221;Red Hat Display|700|||||||&#8221; text_text_color=&#8221;#ffffff&#8221; text_font_size=&#8221;16px&#8221; text_letter_spacing=&#8221;2px&#8221; text_orientation=&#8221;center&#8221; custom_padding=&#8221;20px||20px||true|false&#8221; link_option_url=&#8221;@ET-DC@eyJkeW5hbWljIjp0cnVlLCJjb250ZW50IjoicG9zdF9saW5rX3VybF9wYWdlIiwic2V0dGluZ3MiOnsicG9zdF9pZCI6IjM0MDczMSJ9fQ==@&#8221; global_colors_info=&#8221;{}&#8221;]<\/p>\n<p>OFFERTE<\/p>\n<p>[\/et_pb_text][\/et_pb_column][\/et_pb_row][\/et_pb_section]<\/p>\n","protected":false},"excerpt":{"rendered":"<p>TerugVaticaanse leiderCapo Vaticano, gelegen aan de prachtige Tyrreense kust van Calabri\u00eb, is een niet te missen bestemming voor liefhebbers van de zee, duiken en buitenactiviteiten. Capo Vaticano staat bekend om zijn spectaculaire kliffen, kristalheldere water en verborgen baaitjes en biedt een unieke ervaring in contact met de natuur. Deze prachtige locatie ligt op korte afstand van Hotel Cala del Porto in Vibo Marina en is gemakkelijk bereikbaar voor wie een van de mooiste pareltjes van Calabri\u00eb wil verkennen. Un soggiorno all&#8217;Hotel Cala del Porto permette di vivere appieno tutto ci\u00f2 che Capo Vaticano ha da offrire. Con le sue eccellenti strutture e la sua posizione ideale, l&#8217;hotel \u00e8 il rifugio perfetto per esplorare la Calabria e scoprire i suoi tesori nascosti. Capo Vaticano wordt beschouwd als een van de beste duiklocaties in Itali\u00eb. Het heldere, transparante water biedt een uitstekend zicht, waardoor u de buitengewone onderwaterrotsformaties en de rijke biodiversiteit van de zeebodem kunt observeren. Duiken bij Capo Vaticano biedt de mogelijkheid om zeegrotten, canyons en rotswanden te verkennen die worden bewoond door een groot aantal zeedieren. Tot de populairste duiklocaties behoren de Secca di Capo Vaticano en de Grotta Azzurra, waar duikers kleurrijke koralen, sponzen, kreeften en allerlei soorten [&hellip;]<\/p>\n","protected":false},"author":1,"featured_media":0,"comment_status":"closed","ping_status":"open","sticky":false,"template":"","format":"standard","meta":{"_et_pb_use_builder":"on","_et_pb_old_content":"","_et_gb_content_width":"","footnotes":""},"categories":[34],"tags":[],"class_list":["post-345594","post","type-post","status-publish","format-standard","hentry","category-vakantie-in-calabrie-vibo-tropea-pizzo"],"_links":{"self":[{"href":"https:\/\/www.caladelporto.com\/nl\/wp-json\/wp\/v2\/posts\/345594","targetHints":{"allow":["GET"]}}],"collection":[{"href":"https:\/\/www.caladelporto.com\/nl\/wp-json\/wp\/v2\/posts"}],"about":[{"href":"https:\/\/www.caladelporto.com\/nl\/wp-json\/wp\/v2\/types\/post"}],"author":[{"embeddable":true,"href":"https:\/\/www.caladelporto.com\/nl\/wp-json\/wp\/v2\/users\/1"}],"replies":[{"embeddable":true,"href":"https:\/\/www.caladelporto.com\/nl\/wp-json\/wp\/v2\/comments?post=345594"}],"version-history":[{"count":1,"href":"https:\/\/www.caladelporto.com\/nl\/wp-json\/wp\/v2\/posts\/345594\/revisions"}],"predecessor-version":[{"id":345595,"href":"https:\/\/www.caladelporto.com\/nl\/wp-json\/wp\/v2\/posts\/345594\/revisions\/345595"}],"wp:attachment":[{"href":"https:\/\/www.caladelporto.com\/nl\/wp-json\/wp\/v2\/media?parent=345594"}],"wp:term":[{"taxonomy":"category","embeddable":true,"href":"https:\/\/www.caladelporto.com\/nl\/wp-json\/wp\/v2\/categories?post=345594"},{"taxonomy":"post_tag","embeddable":true,"href":"https:\/\/www.caladelporto.com\/nl\/wp-json\/wp\/v2\/tags?post=345594"}],"curies":[{"name":"wp","href":"https:\/\/api.w.org\/{rel}","templated":true}]}}